{"id":2850,"date":"2010-03-04T03:02:00","date_gmt":"2010-03-04T02:02:00","guid":{"rendered":"http:\/\/litosasturias.com\/?p=2850"},"modified":"2025-08-14T02:35:10","modified_gmt":"2025-08-14T00:35:10","slug":"brasil-carnaval-de-bahia-dia-1-primer-dia-de-carnaval","status":"publish","type":"post","link":"https:\/\/carlosmunozgonzalez.com\/litosasturias\/brasil-carnaval-de-bahia-dia-1-primer-dia-de-carnaval\/","title":{"rendered":"Brasil &#8211; Carnaval De Bah\u00eda &#8211; 1 Parte."},"content":{"rendered":"\n<figure class=\"wp-block-gallery has-nested-images columns-default is-cropped wp-block-gallery-1 is-layout-flex wp-block-gallery-is-layout-flex\">\n<figure class=\"wp-block-image size-large\"><img decoding=\"async\" width=\"768\" height=\"1024\" data-id=\"15442\" data-src=\"https:\/\/carlosmunozgonzalez.com\/litosasturias\/wp-content\/uploads\/2025\/08\/CIMG1863-768x1024.jpg\" alt=\"\" class=\"wp-image-15442 lazyload\" data-srcset=\"https:\/\/carlosmunozgonzalez.com\/litosasturias\/wp-content\/uploads\/2025\/08\/CIMG1863-768x1024.jpg 768w, https:\/\/carlosmunozgonzalez.com\/litosasturias\/wp-content\/uploads\/2025\/08\/CIMG1863-225x300.jpg 225w, https:\/\/carlosmunozgonzalez.com\/litosasturias\/wp-content\/uploads\/2025\/08\/CIMG1863-scaled.jpg 600w\" data-sizes=\"(max-width: 768px) 100vw, 768px\" src=\"data:image\/svg+xml;base64,PHN2ZyB3aWR0aD0iMSIgaGVpZ2h0PSIxIiB4bWxucz0iaHR0cDovL3d3dy53My5vcmcvMjAwMC9zdmciPjwvc3ZnPg==\" style=\"--smush-placeholder-width: 768px; --smush-placeholder-aspect-ratio: 768\/1024;\" \/><\/figure>\n<\/figure>\n\n\n\n<p>Dicen que no hay fiesta callejera m\u00e1s grande en la tierra, adem\u00e1s no ir\u00eda solo pues mi t\u00eda Maria Jos\u00e9 vendr\u00eda desde Espa\u00f1a para unirse a la festividad. El reloj marcaba las horas.<\/p>\n\n\n\n<p>De pronto all\u00ed estaba esper\u00e1ndola yo en el aeropuerto y entre tanto bullicio ella apareci\u00f3 con una peque\u00f1a maleta y un vestido corto floreado. Aquel mismo d\u00eda nos trasladamos en taxi a nuestro apartamento en Porto De Barra para descansar y prepararse para lo que se avecinaba.<\/p>\n\n\n\n<p>Fue al d\u00eda siguiente que nos encontramos en un punto de la calle con Adriana la chica que nos alquil\u00f3 el apartamento para que nos consiguiera una Abad\u00e1, la camiseta que da acceso para desfilar acompa\u00f1ando los tr\u00edos el\u00e9ctricos y una entrada para alg\u00fan camarote privado.<\/p>\n\n\n\n<p>\u00bfA qu\u00e9 artista quer\u00e9is acompa\u00f1ar? \u2013Pregunt\u00f3 el hombre<\/p>\n\n\n\n<p>Carlinhos Brown, Ivette Sangalo, Claudia Leitte- Cualquiera de ellos le contest\u00e9 yo.<\/p>\n\n\n\n<p>En este momento no tengo esas camisetas que os parece Daniela Mercury.<\/p>\n\n\n\n<p>Me encanta le dijo Mariajos\u00e9 aquel hombre que llevaba puesta una camiseta de tirantes sin mangas y se limpiaba el sudor de la frente.&nbsp;Son 1500 reales.<\/p>\n\n\n\n<p>Dej\u00e9moslo en 1000. Le dije yo.<\/p>\n\n\n\n<p>Ok por las dos camisetas puede ser.<\/p>\n\n\n\n<p>\u00bfY Cu\u00e1nto nos va a cobrar por la entrada?&nbsp;<\/p>\n\n\n\n<p>Treinta mil reales por cada una en el camarote Salvador.&nbsp; Ese es el precio.<\/p>\n\n\n\n<p>300 Euros al cambio estas de broma. Dije de nuevo asombrado.<\/p>\n\n\n\n<p>Las cosas son como son y cualquier turista me lo va pagar, adem\u00e1s no puedo perder m\u00e1s tiempo con ustedes dec\u00eddanse r\u00e1pido.<\/p>\n\n\n\n<p>\u00bfPara qu\u00e9 pagar tanto yo prefiero la calle y gratis? &#8211; Seiscientos euros m\u00e1s por los dos es una locura le dije a mi t\u00eda Mariajos\u00e9. Vay\u00e1monos de aqu\u00ed.<\/p>\n\n\n\n<p>Ya est\u00e1s t\u00fa como siempre que yo no vengo de mochilera. Alrededor nuestra hay much\u00edsima gente y todo el mundo est\u00e1 euf\u00f3rico. No quiero l\u00edos por favor hagamos r\u00e1pida la compra.<\/p>\n\n\n\n<p>No te enfades Carlos vais a uno de los camarotes m\u00e1s exclusivos donde acuden las celebridades. Los precios se ponen por las nubes en carnaval suben y bajan como la bolsa. De verdad ma\u00f1ana pagar\u00e9is el doble seguro y es un precio razonable. Dijo Adriana.<\/p>\n\n\n\n<p>No puede ser es mucho dinero. Replique de nuevo.<\/p>\n\n\n\n<p>Qu\u00e9 importa si me he ganado mis vacaciones trabajando todo el a\u00f1o salto a decir Mariajos\u00e9. Es un sue\u00f1o que los dos vamos hacer realidad. Ya est\u00e1 cerremos el paquete y no se hable m\u00e1s porque me estoy poniendo nerviosa negociando aqu\u00ed en el medio de la calle.&nbsp;<\/p>\n\n\n\n<p>Trato cerrado disfruten el carnaval. Dijo el hombre.&nbsp;<\/p>\n\n\n\n<p>Con la Abada y la entrada comprada regresamos a casa. <\/p>\n\n\n\n<figure class=\"wp-block-gallery has-nested-images columns-default is-cropped wp-block-gallery-2 is-layout-flex wp-block-gallery-is-layout-flex\">\n<figure class=\"wp-block-image size-large\"><img decoding=\"async\" width=\"768\" height=\"1024\" data-id=\"15444\" data-src=\"https:\/\/carlosmunozgonzalez.com\/litosasturias\/wp-content\/uploads\/2025\/08\/CIMG1830-768x1024.jpg\" alt=\"\" class=\"wp-image-15444 lazyload\" data-srcset=\"https:\/\/carlosmunozgonzalez.com\/litosasturias\/wp-content\/uploads\/2025\/08\/CIMG1830-768x1024.jpg 768w, https:\/\/carlosmunozgonzalez.com\/litosasturias\/wp-content\/uploads\/2025\/08\/CIMG1830-225x300.jpg 225w, https:\/\/carlosmunozgonzalez.com\/litosasturias\/wp-content\/uploads\/2025\/08\/CIMG1830-scaled.jpg 600w\" data-sizes=\"(max-width: 768px) 100vw, 768px\" src=\"data:image\/svg+xml;base64,PHN2ZyB3aWR0aD0iMSIgaGVpZ2h0PSIxIiB4bWxucz0iaHR0cDovL3d3dy53My5vcmcvMjAwMC9zdmciPjwvc3ZnPg==\" style=\"--smush-placeholder-width: 768px; --smush-placeholder-aspect-ratio: 768\/1024;\" \/><\/figure>\n<\/figure>\n","protected":false},"excerpt":{"rendered":"<p>Dicen que no hay fiesta callejera m\u00e1s grande en la tierra, adem\u00e1s no ir\u00eda solo pues mi t\u00eda Maria Jos\u00e9 vendr\u00eda desde Espa\u00f1a para unirse a la festividad. El reloj marcaba las horas. De pronto all\u00ed estaba esper\u00e1ndola yo en el aeropuerto y entre tanto bullicio ella apareci\u00f3 con una peque\u00f1a maleta y un vestido &hellip;<\/p>\n","protected":false},"author":1,"featured_media":15446,"comment_status":"open","ping_status":"closed","sticky":false,"template":"","format":"standard","meta":{"_genesis_hide_title":false,"_genesis_hide_breadcrumbs":false,"_genesis_hide_singular_image":false,"_genesis_hide_footer_widgets":false,"_genesis_custom_body_class":"","_genesis_custom_post_class":"","_genesis_layout":"","footnotes":""},"categories":[14,151,12],"tags":[34],"class_list":{"0":"post-2850","1":"post","2":"type-post","3":"status-publish","4":"format-standard","5":"has-post-thumbnail","7":"category-america","8":"category-brasil-america","9":"category-vuelta-al-mundo","10":"tag-brasil","11":"entry"},"_links":{"self":[{"href":"https:\/\/carlosmunozgonzalez.com\/litosasturias\/wp-json\/wp\/v2\/posts\/2850","targetHints":{"allow":["GET"]}}],"collection":[{"href":"https:\/\/carlosmunozgonzalez.com\/litosasturias\/wp-json\/wp\/v2\/posts"}],"about":[{"href":"https:\/\/carlosmunozgonzalez.com\/litosasturias\/wp-json\/wp\/v2\/types\/post"}],"author":[{"embeddable":true,"href":"https:\/\/carlosmunozgonzalez.com\/litosasturias\/wp-json\/wp\/v2\/users\/1"}],"replies":[{"embeddable":true,"href":"https:\/\/carlosmunozgonzalez.com\/litosasturias\/wp-json\/wp\/v2\/comments?post=2850"}],"version-history":[{"count":13,"href":"https:\/\/carlosmunozgonzalez.com\/litosasturias\/wp-json\/wp\/v2\/posts\/2850\/revisions"}],"predecessor-version":[{"id":15447,"href":"https:\/\/carlosmunozgonzalez.com\/litosasturias\/wp-json\/wp\/v2\/posts\/2850\/revisions\/15447"}],"wp:featuredmedia":[{"embeddable":true,"href":"https:\/\/carlosmunozgonzalez.com\/litosasturias\/wp-json\/wp\/v2\/media\/15446"}],"wp:attachment":[{"href":"https:\/\/carlosmunozgonzalez.com\/litosasturias\/wp-json\/wp\/v2\/media?parent=2850"}],"wp:term":[{"taxonomy":"category","embeddable":true,"href":"https:\/\/carlosmunozgonzalez.com\/litosasturias\/wp-json\/wp\/v2\/categories?post=2850"},{"taxonomy":"post_tag","embeddable":true,"href":"https:\/\/carlosmunozgonzalez.com\/litosasturias\/wp-json\/wp\/v2\/tags?post=2850"}],"curies":[{"name":"wp","href":"https:\/\/api.w.org\/{rel}","templated":true}]}}