{"id":2886,"date":"2010-03-05T06:32:00","date_gmt":"2010-03-05T05:32:00","guid":{"rendered":"http:\/\/litosasturias.com\/?p=2886"},"modified":"2023-03-15T02:55:17","modified_gmt":"2023-03-15T01:55:17","slug":"brasil-retomando-el-camino","status":"publish","type":"post","link":"https:\/\/carlosmunozgonzalez.com\/litosasturias\/brasil-retomando-el-camino\/","title":{"rendered":"Brasil &#8211; Praia Do Forte"},"content":{"rendered":"\n<p>Praia Do Forte es encantadora playa ubicada en un pueblo pesquero al noroeste en la ciudad de Salvador de Bah\u00eda y ba\u00f1ada por el oc\u00e9ano atl\u00e1ntico. Su calle principal Alameda Do Sol es un paseo peatonal que desemboca en la peque\u00f1a y blanca iglesia de San Francisco que se encuentra sobre la misma arena de la playa. El castillo de los Garc\u00eda D&#8217;\u00c1vila es un claro ejemplo de lo que fue la arquitectura militar portuguesa del siglo xvi y se ubica en la colina de Tatuapara.<\/p>\n\n\n\n<p>Sin darme cuenta me pas\u00f3 una semana en aquel lugar donde conoc\u00ed a Ruiz un carioca que canta como corista en un grupo de m\u00fasica de R\u00edo de Janeiro el cual d\u00eda tras d\u00eda no dejo de cantar y transmitir alegr\u00eda. <\/p>\n\n\n<style>.wp-block-kadence-advancedgallery .kb-gallery-type-grid.kb-gallery-id-_97e5ff-39{margin:-7px;}.kb-gallery-type-grid.kb-gallery-id-_97e5ff-39 .kadence-blocks-gallery-item{padding:7px;}.kb-gallery-id-_97e5ff-39 .kadence-blocks-gallery-item .kb-gal-image-radius, .kb-gallery-id-_97e5ff-39 .kb-slide-item .kb-gal-image-radius img{border-radius:0px 0px 0px 0px;;}<\/style><div class=\"kb-gallery-wrap-id-_97e5ff-39 alignnone wp-block-kadence-advancedgallery\"><ul class=\"kb-gallery-ul kb-gallery-non-static kb-gallery-type-grid kb-gallery-id-_97e5ff-39 kb-gallery-caption-style-bottom-hover kb-gallery-filter-none kb-gallery-magnific-init\" data-image-filter=\"none\" data-item-selector=\".kadence-blocks-gallery-item\" data-lightbox-caption=\"true\" data-columns-xxl=\"3\" data-columns-xl=\"3\" data-columns-md=\"3\" data-columns-sm=\"2\" data-columns-xs=\"1\" data-columns-ss=\"1\"><li class=\"kadence-blocks-gallery-item\"><div class=\"kadence-blocks-gallery-item-inner\"><figure class=\"kb-gallery-figure kb-gallery-item-has-link kadence-blocks-gallery-item-hide-caption\"><a href=\"https:\/\/carlosmunozgonzalez.com\/litosasturias\/wp-content\/uploads\/2020\/07\/brasil_praia_do_forte_1.jpg\" class=\"kb-gallery-item-link\"  ><div class=\"kb-gal-image-radius\"><div class=\"kb-gallery-image-contain kadence-blocks-gallery-intrinsic kb-gallery-image-ratio-land43 kb-has-image-ratio-land43\" ><img decoding=\"async\" data-src=\"https:\/\/carlosmunozgonzalez.com\/litosasturias\/wp-content\/uploads\/2020\/07\/brasil_praia_do_forte_1.jpg\" width=\"500\" height=\"375\" alt=\"\" data-full-image=\"https:\/\/carlosmunozgonzalez.com\/litosasturias\/wp-content\/uploads\/2020\/07\/brasil_praia_do_forte_1.jpg\" data-light-image=\"https:\/\/carlosmunozgonzalez.com\/litosasturias\/wp-content\/uploads\/2020\/07\/brasil_praia_do_forte_1.jpg\" data-id=\"2887\" class=\"wp-image-2887 lazyload\" data-srcset=\"https:\/\/carlosmunozgonzalez.com\/litosasturias\/wp-content\/uploads\/2020\/07\/brasil_praia_do_forte_1.jpg 500w, https:\/\/carlosmunozgonzalez.com\/litosasturias\/wp-content\/uploads\/2020\/07\/brasil_praia_do_forte_1-300x225.jpg 300w, https:\/\/carlosmunozgonzalez.com\/litosasturias\/wp-content\/uploads\/2020\/07\/brasil_praia_do_forte_1-350x263.jpg 350w, https:\/\/carlosmunozgonzalez.com\/litosasturias\/wp-content\/uploads\/2020\/07\/brasil_praia_do_forte_1-260x195.jpg 260w\" data-sizes=\"(max-width: 500px) 100vw, 500px\" src=\"data:image\/svg+xml;base64,PHN2ZyB3aWR0aD0iMSIgaGVpZ2h0PSIxIiB4bWxucz0iaHR0cDovL3d3dy53My5vcmcvMjAwMC9zdmciPjwvc3ZnPg==\" style=\"--smush-placeholder-width: 500px; --smush-placeholder-aspect-ratio: 500\/375;\" \/><\/div><\/div><\/a><\/figure><\/div><\/li><li class=\"kadence-blocks-gallery-item\"><div class=\"kadence-blocks-gallery-item-inner\"><figure class=\"kb-gallery-figure kb-gallery-item-has-link kadence-blocks-gallery-item-hide-caption\"><a href=\"https:\/\/carlosmunozgonzalez.com\/litosasturias\/wp-content\/uploads\/2020\/07\/brasil_praia_do_forte_2.jpg\" class=\"kb-gallery-item-link\"  ><div class=\"kb-gal-image-radius\"><div class=\"kb-gallery-image-contain kadence-blocks-gallery-intrinsic kb-gallery-image-ratio-land43 kb-has-image-ratio-land43\" ><img decoding=\"async\" data-src=\"https:\/\/carlosmunozgonzalez.com\/litosasturias\/wp-content\/uploads\/2020\/07\/brasil_praia_do_forte_2.jpg\" width=\"500\" height=\"375\" alt=\"\" data-full-image=\"https:\/\/carlosmunozgonzalez.com\/litosasturias\/wp-content\/uploads\/2020\/07\/brasil_praia_do_forte_2.jpg\" data-light-image=\"https:\/\/carlosmunozgonzalez.com\/litosasturias\/wp-content\/uploads\/2020\/07\/brasil_praia_do_forte_2.jpg\" data-id=\"2888\" class=\"wp-image-2888 lazyload\" data-srcset=\"https:\/\/carlosmunozgonzalez.com\/litosasturias\/wp-content\/uploads\/2020\/07\/brasil_praia_do_forte_2.jpg 500w, https:\/\/carlosmunozgonzalez.com\/litosasturias\/wp-content\/uploads\/2020\/07\/brasil_praia_do_forte_2-300x225.jpg 300w, https:\/\/carlosmunozgonzalez.com\/litosasturias\/wp-content\/uploads\/2020\/07\/brasil_praia_do_forte_2-350x263.jpg 350w, https:\/\/carlosmunozgonzalez.com\/litosasturias\/wp-content\/uploads\/2020\/07\/brasil_praia_do_forte_2-260x195.jpg 260w\" data-sizes=\"(max-width: 500px) 100vw, 500px\" src=\"data:image\/svg+xml;base64,PHN2ZyB3aWR0aD0iMSIgaGVpZ2h0PSIxIiB4bWxucz0iaHR0cDovL3d3dy53My5vcmcvMjAwMC9zdmciPjwvc3ZnPg==\" style=\"--smush-placeholder-width: 500px; --smush-placeholder-aspect-ratio: 500\/375;\" \/><\/div><\/div><\/a><\/figure><\/div><\/li><li class=\"kadence-blocks-gallery-item\"><div class=\"kadence-blocks-gallery-item-inner\"><figure class=\"kb-gallery-figure kb-gallery-item-has-link kadence-blocks-gallery-item-hide-caption\"><a href=\"https:\/\/carlosmunozgonzalez.com\/litosasturias\/wp-content\/uploads\/2020\/07\/brasil_praia_do_forte.jpg\" class=\"kb-gallery-item-link\"  ><div class=\"kb-gal-image-radius\"><div class=\"kb-gallery-image-contain kadence-blocks-gallery-intrinsic kb-gallery-image-ratio-land43 kb-has-image-ratio-land43\" ><img decoding=\"async\" data-src=\"https:\/\/carlosmunozgonzalez.com\/litosasturias\/wp-content\/uploads\/2020\/07\/brasil_praia_do_forte.jpg\" width=\"500\" height=\"375\" alt=\"\" data-full-image=\"https:\/\/carlosmunozgonzalez.com\/litosasturias\/wp-content\/uploads\/2020\/07\/brasil_praia_do_forte.jpg\" data-light-image=\"https:\/\/carlosmunozgonzalez.com\/litosasturias\/wp-content\/uploads\/2020\/07\/brasil_praia_do_forte.jpg\" data-id=\"2889\" class=\"wp-image-2889 lazyload\" data-srcset=\"https:\/\/carlosmunozgonzalez.com\/litosasturias\/wp-content\/uploads\/2020\/07\/brasil_praia_do_forte.jpg 500w, https:\/\/carlosmunozgonzalez.com\/litosasturias\/wp-content\/uploads\/2020\/07\/brasil_praia_do_forte-300x225.jpg 300w, https:\/\/carlosmunozgonzalez.com\/litosasturias\/wp-content\/uploads\/2020\/07\/brasil_praia_do_forte-350x263.jpg 350w, https:\/\/carlosmunozgonzalez.com\/litosasturias\/wp-content\/uploads\/2020\/07\/brasil_praia_do_forte-260x195.jpg 260w\" data-sizes=\"(max-width: 500px) 100vw, 500px\" src=\"data:image\/svg+xml;base64,PHN2ZyB3aWR0aD0iMSIgaGVpZ2h0PSIxIiB4bWxucz0iaHR0cDovL3d3dy53My5vcmcvMjAwMC9zdmciPjwvc3ZnPg==\" style=\"--smush-placeholder-width: 500px; --smush-placeholder-aspect-ratio: 500\/375;\" \/><\/div><\/div><\/a><\/figure><\/div><\/li><\/ul><\/div>","protected":false},"excerpt":{"rendered":"<p>Praia Do Forte es encantadora playa ubicada en un pueblo pesquero al noroeste en la ciudad de Salvador de Bah\u00eda y ba\u00f1ada por el oc\u00e9ano atl\u00e1ntico. Su calle principal Alameda Do Sol es un paseo peatonal que desemboca en la peque\u00f1a y blanca iglesia de San Francisco que se encuentra sobre la misma arena de &hellip;<\/p>\n","protected":false},"author":1,"featured_media":2890,"comment_status":"open","ping_status":"closed","sticky":false,"template":"","format":"standard","meta":{"_genesis_hide_title":false,"_genesis_hide_breadcrumbs":false,"_genesis_hide_singular_image":false,"_genesis_hide_footer_widgets":false,"_genesis_custom_body_class":"","_genesis_custom_post_class":"","_genesis_layout":"","footnotes":""},"categories":[14,151,12],"tags":[34],"class_list":{"0":"post-2886","1":"post","2":"type-post","3":"status-publish","4":"format-standard","5":"has-post-thumbnail","7":"category-america","8":"category-brasil-america","9":"category-vuelta-al-mundo","10":"tag-brasil","11":"entry"},"_links":{"self":[{"href":"https:\/\/carlosmunozgonzalez.com\/litosasturias\/wp-json\/wp\/v2\/posts\/2886","targetHints":{"allow":["GET"]}}],"collection":[{"href":"https:\/\/carlosmunozgonzalez.com\/litosasturias\/wp-json\/wp\/v2\/posts"}],"about":[{"href":"https:\/\/carlosmunozgonzalez.com\/litosasturias\/wp-json\/wp\/v2\/types\/post"}],"author":[{"embeddable":true,"href":"https:\/\/carlosmunozgonzalez.com\/litosasturias\/wp-json\/wp\/v2\/users\/1"}],"replies":[{"embeddable":true,"href":"https:\/\/carlosmunozgonzalez.com\/litosasturias\/wp-json\/wp\/v2\/comments?post=2886"}],"version-history":[{"count":9,"href":"https:\/\/carlosmunozgonzalez.com\/litosasturias\/wp-json\/wp\/v2\/posts\/2886\/revisions"}],"predecessor-version":[{"id":9897,"href":"https:\/\/carlosmunozgonzalez.com\/litosasturias\/wp-json\/wp\/v2\/posts\/2886\/revisions\/9897"}],"wp:featuredmedia":[{"embeddable":true,"href":"https:\/\/carlosmunozgonzalez.com\/litosasturias\/wp-json\/wp\/v2\/media\/2890"}],"wp:attachment":[{"href":"https:\/\/carlosmunozgonzalez.com\/litosasturias\/wp-json\/wp\/v2\/media?parent=2886"}],"wp:term":[{"taxonomy":"category","embeddable":true,"href":"https:\/\/carlosmunozgonzalez.com\/litosasturias\/wp-json\/wp\/v2\/categories?post=2886"},{"taxonomy":"post_tag","embeddable":true,"href":"https:\/\/carlosmunozgonzalez.com\/litosasturias\/wp-json\/wp\/v2\/tags?post=2886"}],"curies":[{"name":"wp","href":"https:\/\/api.w.org\/{rel}","templated":true}]}}