{"id":3696,"date":"2017-12-06T07:46:46","date_gmt":"2017-12-06T06:46:46","guid":{"rendered":"http:\/\/litosasturias.com\/?p=3696"},"modified":"2025-07-23T01:31:42","modified_gmt":"2025-07-22T23:31:42","slug":"bosnia-y-herzegobina-sarajevo-mostar","status":"publish","type":"post","link":"https:\/\/carlosmunozgonzalez.com\/litosasturias\/bosnia-y-herzegobina-sarajevo-mostar\/","title":{"rendered":"Bosnia y Herzegovina"},"content":{"rendered":"\n<figure class=\"wp-block-gallery has-nested-images columns-default is-cropped wp-block-gallery-1 is-layout-flex wp-block-gallery-is-layout-flex\">\n<figure class=\"wp-block-image size-large\"><img decoding=\"async\" width=\"1024\" height=\"768\" data-id=\"14798\" data-src=\"https:\/\/carlosmunozgonzalez.com\/litosasturias\/wp-content\/uploads\/2025\/07\/SAM_2854-1024x768.jpg\" alt=\"\" class=\"wp-image-14798 lazyload\" data-srcset=\"https:\/\/carlosmunozgonzalez.com\/litosasturias\/wp-content\/uploads\/2025\/07\/SAM_2854-1024x768.jpg 1024w, https:\/\/carlosmunozgonzalez.com\/litosasturias\/wp-content\/uploads\/2025\/07\/SAM_2854-300x225.jpg 300w, https:\/\/carlosmunozgonzalez.com\/litosasturias\/wp-content\/uploads\/2025\/07\/SAM_2854-768x576.jpg 768w, https:\/\/carlosmunozgonzalez.com\/litosasturias\/wp-content\/uploads\/2025\/07\/SAM_2854-scaled.jpg 800w, https:\/\/carlosmunozgonzalez.com\/litosasturias\/wp-content\/uploads\/2025\/07\/SAM_2854-550x413.jpg 550w, https:\/\/carlosmunozgonzalez.com\/litosasturias\/wp-content\/uploads\/2025\/07\/SAM_2854-350x263.jpg 350w, https:\/\/carlosmunozgonzalez.com\/litosasturias\/wp-content\/uploads\/2025\/07\/SAM_2854-260x195.jpg 260w\" data-sizes=\"(max-width: 1024px) 100vw, 1024px\" src=\"data:image\/svg+xml;base64,PHN2ZyB3aWR0aD0iMSIgaGVpZ2h0PSIxIiB4bWxucz0iaHR0cDovL3d3dy53My5vcmcvMjAwMC9zdmciPjwvc3ZnPg==\" style=\"--smush-placeholder-width: 1024px; --smush-placeholder-aspect-ratio: 1024\/768;\" \/><figcaption class=\"wp-element-caption\">SAMSUNG CAMERA PICTURES<\/figcaption><\/figure>\n<\/figure>\n\n\n\n<p>La Guerra en Bosnia-Herzegovina est\u00e1 relacionada con la disoluci\u00f3n de Yugoslavia. Las Guerras de Yugoslavia &nbsp;fueron una serie de conflictos en el territorio de la antigua Yugoslavia que se sucedieron entre 1991 y 2001. Comprendieron dos grupos de guerras sucesivas que afectaron a las seis exrep\u00fablicas yugoslavas.<\/p>\n\n\n\n<figure class=\"wp-block-gallery has-nested-images columns-default is-cropped wp-block-gallery-2 is-layout-flex wp-block-gallery-is-layout-flex\">\n<figure class=\"wp-block-image size-large\"><img decoding=\"async\" width=\"1024\" height=\"768\" data-id=\"14784\" data-src=\"https:\/\/carlosmunozgonzalez.com\/litosasturias\/wp-content\/uploads\/2025\/07\/SAM_2867-1024x768.jpg\" alt=\"\" class=\"wp-image-14784 lazyload\" data-srcset=\"https:\/\/carlosmunozgonzalez.com\/litosasturias\/wp-content\/uploads\/2025\/07\/SAM_2867-1024x768.jpg 1024w, https:\/\/carlosmunozgonzalez.com\/litosasturias\/wp-content\/uploads\/2025\/07\/SAM_2867-300x225.jpg 300w, https:\/\/carlosmunozgonzalez.com\/litosasturias\/wp-content\/uploads\/2025\/07\/SAM_2867-768x576.jpg 768w, https:\/\/carlosmunozgonzalez.com\/litosasturias\/wp-content\/uploads\/2025\/07\/SAM_2867-scaled.jpg 800w, https:\/\/carlosmunozgonzalez.com\/litosasturias\/wp-content\/uploads\/2025\/07\/SAM_2867-550x413.jpg 550w, https:\/\/carlosmunozgonzalez.com\/litosasturias\/wp-content\/uploads\/2025\/07\/SAM_2867-350x263.jpg 350w, https:\/\/carlosmunozgonzalez.com\/litosasturias\/wp-content\/uploads\/2025\/07\/SAM_2867-260x195.jpg 260w\" data-sizes=\"(max-width: 1024px) 100vw, 1024px\" src=\"data:image\/svg+xml;base64,PHN2ZyB3aWR0aD0iMSIgaGVpZ2h0PSIxIiB4bWxucz0iaHR0cDovL3d3dy53My5vcmcvMjAwMC9zdmciPjwvc3ZnPg==\" style=\"--smush-placeholder-width: 1024px; --smush-placeholder-aspect-ratio: 1024\/768;\" \/><figcaption class=\"wp-element-caption\">SAMSUNG CAMERA PICTURES<\/figcaption><\/figure>\n<\/figure>\n\n\n\n<p class=\"has-medium-font-size\"><strong>SARAJEVO<\/strong><\/p>\n\n\n\n<p>Cuando llegu\u00e9 a Sarajevo mi trayecto termin\u00f3 a las afueras del centro de la ciudad. Comenz\u00f3 a nevar muy fuerte a mi llegada y los copos de nieve comenzaron a caer con mucha intensidad acentuando as\u00ed la incertidumbre de no saber en d\u00f3nde estaba.<\/p>\n\n\n\n<figure class=\"wp-block-gallery has-nested-images columns-default is-cropped wp-block-gallery-3 is-layout-flex wp-block-gallery-is-layout-flex\">\n<figure class=\"wp-block-image size-large\"><img decoding=\"async\" width=\"1024\" height=\"768\" data-id=\"14799\" data-src=\"https:\/\/carlosmunozgonzalez.com\/litosasturias\/wp-content\/uploads\/2025\/07\/SAM_2858-1024x768.jpg\" alt=\"\" class=\"wp-image-14799 lazyload\" data-srcset=\"https:\/\/carlosmunozgonzalez.com\/litosasturias\/wp-content\/uploads\/2025\/07\/SAM_2858-1024x768.jpg 1024w, https:\/\/carlosmunozgonzalez.com\/litosasturias\/wp-content\/uploads\/2025\/07\/SAM_2858-300x225.jpg 300w, https:\/\/carlosmunozgonzalez.com\/litosasturias\/wp-content\/uploads\/2025\/07\/SAM_2858-768x576.jpg 768w, https:\/\/carlosmunozgonzalez.com\/litosasturias\/wp-content\/uploads\/2025\/07\/SAM_2858-scaled.jpg 800w, https:\/\/carlosmunozgonzalez.com\/litosasturias\/wp-content\/uploads\/2025\/07\/SAM_2858-550x413.jpg 550w, https:\/\/carlosmunozgonzalez.com\/litosasturias\/wp-content\/uploads\/2025\/07\/SAM_2858-350x263.jpg 350w, https:\/\/carlosmunozgonzalez.com\/litosasturias\/wp-content\/uploads\/2025\/07\/SAM_2858-260x195.jpg 260w\" data-sizes=\"(max-width: 1024px) 100vw, 1024px\" src=\"data:image\/svg+xml;base64,PHN2ZyB3aWR0aD0iMSIgaGVpZ2h0PSIxIiB4bWxucz0iaHR0cDovL3d3dy53My5vcmcvMjAwMC9zdmciPjwvc3ZnPg==\" style=\"--smush-placeholder-width: 1024px; --smush-placeholder-aspect-ratio: 1024\/768;\" \/><figcaption class=\"wp-element-caption\">SAMSUNG CAMERA PICTURES<\/figcaption><\/figure>\n<\/figure>\n\n\n\n<figure class=\"wp-block-gallery has-nested-images columns-default is-cropped wp-block-gallery-4 is-layout-flex wp-block-gallery-is-layout-flex\">\n<figure class=\"wp-block-image size-large\"><img decoding=\"async\" width=\"1024\" height=\"768\" data-id=\"14800\" data-src=\"https:\/\/carlosmunozgonzalez.com\/litosasturias\/wp-content\/uploads\/2025\/07\/SAM_2859-1024x768.jpg\" alt=\"\" class=\"wp-image-14800 lazyload\" data-srcset=\"https:\/\/carlosmunozgonzalez.com\/litosasturias\/wp-content\/uploads\/2025\/07\/SAM_2859-1024x768.jpg 1024w, https:\/\/carlosmunozgonzalez.com\/litosasturias\/wp-content\/uploads\/2025\/07\/SAM_2859-300x225.jpg 300w, https:\/\/carlosmunozgonzalez.com\/litosasturias\/wp-content\/uploads\/2025\/07\/SAM_2859-768x576.jpg 768w, https:\/\/carlosmunozgonzalez.com\/litosasturias\/wp-content\/uploads\/2025\/07\/SAM_2859-scaled.jpg 800w, https:\/\/carlosmunozgonzalez.com\/litosasturias\/wp-content\/uploads\/2025\/07\/SAM_2859-550x413.jpg 550w, https:\/\/carlosmunozgonzalez.com\/litosasturias\/wp-content\/uploads\/2025\/07\/SAM_2859-350x263.jpg 350w, https:\/\/carlosmunozgonzalez.com\/litosasturias\/wp-content\/uploads\/2025\/07\/SAM_2859-260x195.jpg 260w\" data-sizes=\"(max-width: 1024px) 100vw, 1024px\" src=\"data:image\/svg+xml;base64,PHN2ZyB3aWR0aD0iMSIgaGVpZ2h0PSIxIiB4bWxucz0iaHR0cDovL3d3dy53My5vcmcvMjAwMC9zdmciPjwvc3ZnPg==\" style=\"--smush-placeholder-width: 1024px; --smush-placeholder-aspect-ratio: 1024\/768;\" \/><figcaption class=\"wp-element-caption\">SAMSUNG CAMERA PICTURES<\/figcaption><\/figure>\n<\/figure>\n\n\n\n<p>Aquella distancia\u00a0 al centro urbano la recorr\u00ed en el tren el\u00e9ctrico n.3. Aquellos tranv\u00edas de \u00e9poca confer\u00edan un car\u00e1cter\u00a0especial al lugar que vivi\u00f3 cuatro anos de asedio durante la\u00a0 reciente guerra de Bosnia (1992-1995). Atravesaba la ciudad paralelo al r\u00edo Miljacka por la calle obala kulina bana en el extremo este, donde apareci\u00f3 a mi derecha el puente latino con sus cuatro arcos de piedra sostenidos por tres gruesos pilares.<\/p>\n\n\n\n<figure class=\"wp-block-gallery has-nested-images columns-default is-cropped wp-block-gallery-5 is-layout-flex wp-block-gallery-is-layout-flex\">\n<figure class=\"wp-block-image size-large\"><img decoding=\"async\" width=\"1024\" height=\"768\" data-id=\"14796\" data-src=\"https:\/\/carlosmunozgonzalez.com\/litosasturias\/wp-content\/uploads\/2025\/07\/SAM_2852-1024x768.jpg\" alt=\"\" class=\"wp-image-14796 lazyload\" data-srcset=\"https:\/\/carlosmunozgonzalez.com\/litosasturias\/wp-content\/uploads\/2025\/07\/SAM_2852-1024x768.jpg 1024w, https:\/\/carlosmunozgonzalez.com\/litosasturias\/wp-content\/uploads\/2025\/07\/SAM_2852-300x225.jpg 300w, https:\/\/carlosmunozgonzalez.com\/litosasturias\/wp-content\/uploads\/2025\/07\/SAM_2852-768x576.jpg 768w, https:\/\/carlosmunozgonzalez.com\/litosasturias\/wp-content\/uploads\/2025\/07\/SAM_2852-scaled.jpg 800w, https:\/\/carlosmunozgonzalez.com\/litosasturias\/wp-content\/uploads\/2025\/07\/SAM_2852-550x413.jpg 550w, https:\/\/carlosmunozgonzalez.com\/litosasturias\/wp-content\/uploads\/2025\/07\/SAM_2852-350x263.jpg 350w, https:\/\/carlosmunozgonzalez.com\/litosasturias\/wp-content\/uploads\/2025\/07\/SAM_2852-260x195.jpg 260w\" data-sizes=\"(max-width: 1024px) 100vw, 1024px\" src=\"data:image\/svg+xml;base64,PHN2ZyB3aWR0aD0iMSIgaGVpZ2h0PSIxIiB4bWxucz0iaHR0cDovL3d3dy53My5vcmcvMjAwMC9zdmciPjwvc3ZnPg==\" style=\"--smush-placeholder-width: 1024px; --smush-placeholder-aspect-ratio: 1024\/768;\" \/><figcaption class=\"wp-element-caption\">SAMSUNG CAMERA PICTURES<\/figcaption><\/figure>\n<\/figure>\n\n\n\n<p class=\"has-medium-font-size\"><strong>VIJECNICA<\/strong><\/p>\n\n\n\n<p>Al otro lado de cara al r\u00edo me llam\u00f3 la atenci\u00f3n un edificio de arquitectura isl\u00e1mica-morisca \u00abVijecnica\u00bb hoy en d\u00eda el ayuntamiento de Sarajevo pintado de amarillo p\u00e1lido y con rayas marrones. Al frente destacan sus columnas con arcos de herradura en el centro con los aleros en el techo en forma de torre y corona de rey. Lo que era la antigua biblioteca nacional que fue totalmente destruida a\u00f1os atr\u00e1s con bombas por los ultranacionalistas serbios, en la ciudad que vivi\u00f3 cuatro a\u00f1os de asedio durante la reciente guerra de Bosnia-Herzegovina (1992-1995). &nbsp; <\/p>\n\n\n\n<p class=\"has-medium-font-size\"><strong>BACARSIGA<\/strong><\/p>\n\n\n\n<p>Fue en aquella altura que el tranv\u00eda hizo un giro a la izquierda hacia el \u00e1rea de Bascarsiga. En aquella parada me baj\u00e9 en el centro hist\u00f3rico donde est\u00e1 el viejo bazar. Rodeado de peque\u00f1as tiendas de madera, donde vend\u00edan orfebrer\u00eda de cobre y lat\u00f3n con sus juegos de bandejas y caf\u00e9s.<\/p>\n\n\n\n<p>En la plaza de Bascarsiga construido bajo el dominio otomano destacaba una fuente publica de madera y piedra donde se sentaban a dar de comer a las palomas. El llamado a la oraci\u00f3n era el preludio del fin del d\u00eda. Entonces fijaba la mirada al frente en el minarete de la mezquita que sobresal\u00eda como un pirul\u00ed de caramelo siendo este de piedra, con sus c\u00fapulas redondas dibujando sombreros de copa sobre los tejados con sus chimeneas y viejos canalones.  Al fondo pod\u00eda ver el contorno de las colinas de los Alpes Dinaricos bosques de pinos sombr\u00edos en invierno y las casas esparcidas por la ladera.<\/p>\n\n\n\n<figure class=\"wp-block-gallery has-nested-images columns-default is-cropped wp-block-gallery-6 is-layout-flex wp-block-gallery-is-layout-flex\">\n<figure class=\"wp-block-image size-large\"><img decoding=\"async\" width=\"1024\" height=\"768\" data-id=\"14785\" data-src=\"https:\/\/carlosmunozgonzalez.com\/litosasturias\/wp-content\/uploads\/2025\/07\/SAM_2866-1-1024x768.jpg\" alt=\"\" class=\"wp-image-14785 lazyload\" data-srcset=\"https:\/\/carlosmunozgonzalez.com\/litosasturias\/wp-content\/uploads\/2025\/07\/SAM_2866-1-1024x768.jpg 1024w, https:\/\/carlosmunozgonzalez.com\/litosasturias\/wp-content\/uploads\/2025\/07\/SAM_2866-1-300x225.jpg 300w, https:\/\/carlosmunozgonzalez.com\/litosasturias\/wp-content\/uploads\/2025\/07\/SAM_2866-1-768x576.jpg 768w, https:\/\/carlosmunozgonzalez.com\/litosasturias\/wp-content\/uploads\/2025\/07\/SAM_2866-1-scaled.jpg 800w, https:\/\/carlosmunozgonzalez.com\/litosasturias\/wp-content\/uploads\/2025\/07\/SAM_2866-1-550x413.jpg 550w, https:\/\/carlosmunozgonzalez.com\/litosasturias\/wp-content\/uploads\/2025\/07\/SAM_2866-1-350x263.jpg 350w, https:\/\/carlosmunozgonzalez.com\/litosasturias\/wp-content\/uploads\/2025\/07\/SAM_2866-1-260x195.jpg 260w\" data-sizes=\"(max-width: 1024px) 100vw, 1024px\" src=\"data:image\/svg+xml;base64,PHN2ZyB3aWR0aD0iMSIgaGVpZ2h0PSIxIiB4bWxucz0iaHR0cDovL3d3dy53My5vcmcvMjAwMC9zdmciPjwvc3ZnPg==\" style=\"--smush-placeholder-width: 1024px; --smush-placeholder-aspect-ratio: 1024\/768;\" \/><figcaption class=\"wp-element-caption\">SAMSUNG CAMERA PICTURES<\/figcaption><\/figure>\n<\/figure>\n\n\n\n<p>Fijaba mi mirada en las mezquitas sinagogas e iglesias ortodoxas y cristianas. Variedad de creencias que me hac\u00eda pensar en lo multicultural que era Bosnia Herzegovina el porqu\u00e9 de un conflicto reciente que yo hab\u00eda vivido por las noticias de la prensa y visto por la televisi\u00f3n. <\/p>\n\n\n\n<p>Haciendo un recorrido por la ciudad todav\u00eda hab\u00eda clarividencia en las paredes puertas y ventanas de los edificios donde se pod\u00edan ver cientos de agujeros ocasionados por el impacto de la metralla .<\/p>\n\n\n\n<p class=\"has-medium-font-size\">&nbsp;<strong>MOSTAR<\/strong><\/p>\n\n\n\n<figure class=\"wp-block-gallery has-nested-images columns-default is-cropped wp-block-gallery-7 is-layout-flex wp-block-gallery-is-layout-flex\">\n<figure class=\"wp-block-image size-large\"><img decoding=\"async\" width=\"1024\" height=\"768\" data-id=\"14786\" data-src=\"https:\/\/carlosmunozgonzalez.com\/litosasturias\/wp-content\/uploads\/2025\/07\/SAM_2870-1024x768.jpg\" alt=\"\" class=\"wp-image-14786 lazyload\" data-srcset=\"https:\/\/carlosmunozgonzalez.com\/litosasturias\/wp-content\/uploads\/2025\/07\/SAM_2870-1024x768.jpg 1024w, https:\/\/carlosmunozgonzalez.com\/litosasturias\/wp-content\/uploads\/2025\/07\/SAM_2870-300x225.jpg 300w, https:\/\/carlosmunozgonzalez.com\/litosasturias\/wp-content\/uploads\/2025\/07\/SAM_2870-768x576.jpg 768w, https:\/\/carlosmunozgonzalez.com\/litosasturias\/wp-content\/uploads\/2025\/07\/SAM_2870-scaled.jpg 800w, https:\/\/carlosmunozgonzalez.com\/litosasturias\/wp-content\/uploads\/2025\/07\/SAM_2870-550x413.jpg 550w, https:\/\/carlosmunozgonzalez.com\/litosasturias\/wp-content\/uploads\/2025\/07\/SAM_2870-350x263.jpg 350w, https:\/\/carlosmunozgonzalez.com\/litosasturias\/wp-content\/uploads\/2025\/07\/SAM_2870-260x195.jpg 260w\" data-sizes=\"(max-width: 1024px) 100vw, 1024px\" src=\"data:image\/svg+xml;base64,PHN2ZyB3aWR0aD0iMSIgaGVpZ2h0PSIxIiB4bWxucz0iaHR0cDovL3d3dy53My5vcmcvMjAwMC9zdmciPjwvc3ZnPg==\" style=\"--smush-placeholder-width: 1024px; --smush-placeholder-aspect-ratio: 1024\/768;\" \/><figcaption class=\"wp-element-caption\">SAMSUNG CAMERA PICTURES<\/figcaption><\/figure>\n<\/figure>\n\n\n\n<p>A mi llegada a Mostar me encontr\u00e9 con una peque\u00f1a y tranquila ciudad de calles empedradas. Lo que pens\u00e9 fue que ser\u00eda perfecta para recorrer andando.<\/p>\n\n\n\n<p>Durante el recorrido pod\u00eda ver las casas de piedra con sus paredes llenas a\u00fan de impacto de metralla y sin reparar, las puertas, se\u00f1ales de tr\u00e1fico agujereadas por balas. Un verde frondoso asomaba por los muros y tejados de sus hogares donde se elevan las ramas de los \u00e1rboles a la altura de los minaretes y campanarios. Rodeado de calles empedradas ten\u00eda la ciudad ese toque medieval, las mujeres ense\u00f1aban sus telas y manteles y en los puestos vend\u00edan salchichas con pan de pita salsa picante y cebolla cruda. <\/p>\n\n\n\n<p class=\"has-medium-font-size\"><strong>CUMPLEA\u00d1OS PETROVI<\/strong><\/p>\n\n\n\n<p>Fue due\u00f1o de la casa donde me hosped\u00e9 de apellido Petrovi quien me abri\u00f3 la puerta y se me present\u00f3 directamente dici\u00e9ndome que celebraba su cumplea\u00f1os. Compartiendo el momento festejamos bebiendo chupitos aquella tarde que se hizo de noche.  Su amigo Sasa Dermanovic guitarrista bajo de Mo Selection Band me contaba c\u00f3mo se hab\u00edan formado muchos grupos de Rock despu\u00e9s de la guerra para curar las heridas con la m\u00fasica. Yo no quer\u00eda hacer preguntas para no faltar al respeto. Fue con el goce presente donde pude compartir de alguna manera aquel dolor. Todo el patrimonio cultural que hab\u00eda sido destruido y atesoraba la memoria del pueblo (en los libros de la biblioteca nacional de Sarajevo) pareciera estar all\u00ed en la letra de sus canciones en sus palabras voces y testimonios presentes. Como quien tiene el derecho moral de con su arte y las palabras transmitir el legado para sanar las heridas de una guerra. &nbsp;<\/p>\n\n\n\n<figure class=\"wp-block-gallery has-nested-images columns-default is-cropped wp-block-gallery-8 is-layout-flex wp-block-gallery-is-layout-flex\">\n<figure class=\"wp-block-image size-large\"><img decoding=\"async\" width=\"1024\" height=\"768\" data-id=\"14787\" data-src=\"https:\/\/carlosmunozgonzalez.com\/litosasturias\/wp-content\/uploads\/2025\/07\/SAM_2872-1024x768.jpg\" alt=\"\" class=\"wp-image-14787 lazyload\" data-srcset=\"https:\/\/carlosmunozgonzalez.com\/litosasturias\/wp-content\/uploads\/2025\/07\/SAM_2872-1024x768.jpg 1024w, https:\/\/carlosmunozgonzalez.com\/litosasturias\/wp-content\/uploads\/2025\/07\/SAM_2872-300x225.jpg 300w, https:\/\/carlosmunozgonzalez.com\/litosasturias\/wp-content\/uploads\/2025\/07\/SAM_2872-768x576.jpg 768w, https:\/\/carlosmunozgonzalez.com\/litosasturias\/wp-content\/uploads\/2025\/07\/SAM_2872-scaled.jpg 800w, https:\/\/carlosmunozgonzalez.com\/litosasturias\/wp-content\/uploads\/2025\/07\/SAM_2872-550x413.jpg 550w, https:\/\/carlosmunozgonzalez.com\/litosasturias\/wp-content\/uploads\/2025\/07\/SAM_2872-350x263.jpg 350w, https:\/\/carlosmunozgonzalez.com\/litosasturias\/wp-content\/uploads\/2025\/07\/SAM_2872-260x195.jpg 260w\" data-sizes=\"(max-width: 1024px) 100vw, 1024px\" src=\"data:image\/svg+xml;base64,PHN2ZyB3aWR0aD0iMSIgaGVpZ2h0PSIxIiB4bWxucz0iaHR0cDovL3d3dy53My5vcmcvMjAwMC9zdmciPjwvc3ZnPg==\" style=\"--smush-placeholder-width: 1024px; --smush-placeholder-aspect-ratio: 1024\/768;\" \/><figcaption class=\"wp-element-caption\">SAMSUNG CAMERA PICTURES<\/figcaption><\/figure>\n<\/figure>\n\n\n\n<p class=\"has-medium-font-size\"><strong>PUENTE STARI MOST<\/strong><\/p>\n\n\n\n<p>Era yo quien caminaba contemplando el verde de las colinas atravesando el puente Stari Most que se eleva sobre el r\u00edo Neretva. Desde lo alto se filtraba la luz por debajo la pasarela arqueada cayendo al agua con sus torres por ambos lados y las casas a pie de monte sobre la orilla del r\u00edo. Ya no hab\u00eda peligro de bombas ni nada que temer, el puente viejo de piedra del siglo diecis\u00e9is estaba reconstruido tras su destrucci\u00f3n durante la guerra de los noventa. Pod\u00eda creer que es el hombre el \u00fanico animal que mata y destruye para luego sentirse arrepentido. Cruzando el puente que une las dos partes de la ciudad cat\u00f3licos y musulmanes conviv\u00edan juntos. Mi camino segu\u00eda al frente dejando a un lado la discordia. Rodeado de boscosidad entre tenderetes que vend\u00edan todo tipo de souvenirs, artilugios militares como gorros, gafas, chapas, cargadores, bol\u00edgrafos, llaveros fabricados con casquillos de balas.<\/p>\n\n\n\n<p>Ojeando en mis manos unas fotos de la ciudad destruida a\u00f1os atr\u00e1s me daba cuenta que el tr\u00e1gico pasado es hoy en d\u00eda una manera de salir adelante para sus habitantes. Lo que es una fuente de ingresos debido al turismo. Continuaba sin notar nada extra\u00f1o y fue as\u00ed como al poco rato me di cuenta que las personas tendemos a estigmatizar las cosas, a ver tendencia de una guerra donde ya no lo hay. Por eso Mostar me estaba regal\u00e1ndome un nuevo d\u00eda. <\/p>\n\n\n\n\n","protected":false},"excerpt":{"rendered":"<p>La Guerra en Bosnia-Herzegovina est\u00e1 relacionada con la disoluci\u00f3n de Yugoslavia. Las Guerras de Yugoslavia &nbsp;fueron una serie de conflictos en el territorio de la antigua Yugoslavia que se sucedieron entre 1991 y 2001. Comprendieron dos grupos de guerras sucesivas que afectaron a las seis exrep\u00fablicas yugoslavas. SARAJEVO Cuando llegu\u00e9 a Sarajevo mi trayecto termin\u00f3 &hellip;<\/p>\n","protected":false},"author":1,"featured_media":14785,"comment_status":"open","ping_status":"closed","sticky":false,"template":"","format":"standard","meta":{"_genesis_hide_title":false,"_genesis_hide_breadcrumbs":false,"_genesis_hide_singular_image":false,"_genesis_hide_footer_widgets":false,"_genesis_custom_body_class":"","_genesis_custom_post_class":"","_genesis_layout":"","footnotes":""},"categories":[18,12],"tags":[101],"class_list":{"0":"post-3696","1":"post","2":"type-post","3":"status-publish","4":"format-standard","5":"has-post-thumbnail","7":"category-europa","8":"category-vuelta-al-mundo","9":"tag-bosnia-y-herzegovina","10":"entry"},"_links":{"self":[{"href":"https:\/\/carlosmunozgonzalez.com\/litosasturias\/wp-json\/wp\/v2\/posts\/3696","targetHints":{"allow":["GET"]}}],"collection":[{"href":"https:\/\/carlosmunozgonzalez.com\/litosasturias\/wp-json\/wp\/v2\/posts"}],"about":[{"href":"https:\/\/carlosmunozgonzalez.com\/litosasturias\/wp-json\/wp\/v2\/types\/post"}],"author":[{"embeddable":true,"href":"https:\/\/carlosmunozgonzalez.com\/litosasturias\/wp-json\/wp\/v2\/users\/1"}],"replies":[{"embeddable":true,"href":"https:\/\/carlosmunozgonzalez.com\/litosasturias\/wp-json\/wp\/v2\/comments?post=3696"}],"version-history":[{"count":14,"href":"https:\/\/carlosmunozgonzalez.com\/litosasturias\/wp-json\/wp\/v2\/posts\/3696\/revisions"}],"predecessor-version":[{"id":14801,"href":"https:\/\/carlosmunozgonzalez.com\/litosasturias\/wp-json\/wp\/v2\/posts\/3696\/revisions\/14801"}],"wp:featuredmedia":[{"embeddable":true,"href":"https:\/\/carlosmunozgonzalez.com\/litosasturias\/wp-json\/wp\/v2\/media\/14785"}],"wp:attachment":[{"href":"https:\/\/carlosmunozgonzalez.com\/litosasturias\/wp-json\/wp\/v2\/media?parent=3696"}],"wp:term":[{"taxonomy":"category","embeddable":true,"href":"https:\/\/carlosmunozgonzalez.com\/litosasturias\/wp-json\/wp\/v2\/categories?post=3696"},{"taxonomy":"post_tag","embeddable":true,"href":"https:\/\/carlosmunozgonzalez.com\/litosasturias\/wp-json\/wp\/v2\/tags?post=3696"}],"curies":[{"name":"wp","href":"https:\/\/api.w.org\/{rel}","templated":true}]}}