{"id":3705,"date":"2017-12-06T07:57:29","date_gmt":"2017-12-06T06:57:29","guid":{"rendered":"http:\/\/litosasturias.com\/?p=3705"},"modified":"2025-07-23T01:54:09","modified_gmt":"2025-07-22T23:54:09","slug":"kosovo-pristina","status":"publish","type":"post","link":"https:\/\/carlosmunozgonzalez.com\/litosasturias\/kosovo-pristina\/","title":{"rendered":"kosovo"},"content":{"rendered":"\n<figure class=\"wp-block-gallery has-nested-images columns-default is-cropped wp-block-gallery-1 is-layout-flex wp-block-gallery-is-layout-flex\">\n<figure class=\"wp-block-image size-large\"><img decoding=\"async\" width=\"1024\" height=\"768\" data-id=\"14811\" data-src=\"https:\/\/carlosmunozgonzalez.com\/litosasturias\/wp-content\/uploads\/2025\/07\/SAM_2933-1024x768.jpg\" alt=\"\" class=\"wp-image-14811 lazyload\" data-srcset=\"https:\/\/carlosmunozgonzalez.com\/litosasturias\/wp-content\/uploads\/2025\/07\/SAM_2933-1024x768.jpg 1024w, https:\/\/carlosmunozgonzalez.com\/litosasturias\/wp-content\/uploads\/2025\/07\/SAM_2933-300x225.jpg 300w, https:\/\/carlosmunozgonzalez.com\/litosasturias\/wp-content\/uploads\/2025\/07\/SAM_2933-768x576.jpg 768w, https:\/\/carlosmunozgonzalez.com\/litosasturias\/wp-content\/uploads\/2025\/07\/SAM_2933-scaled.jpg 800w, https:\/\/carlosmunozgonzalez.com\/litosasturias\/wp-content\/uploads\/2025\/07\/SAM_2933-550x413.jpg 550w, https:\/\/carlosmunozgonzalez.com\/litosasturias\/wp-content\/uploads\/2025\/07\/SAM_2933-350x263.jpg 350w, https:\/\/carlosmunozgonzalez.com\/litosasturias\/wp-content\/uploads\/2025\/07\/SAM_2933-260x195.jpg 260w\" data-sizes=\"(max-width: 1024px) 100vw, 1024px\" src=\"data:image\/svg+xml;base64,PHN2ZyB3aWR0aD0iMSIgaGVpZ2h0PSIxIiB4bWxucz0iaHR0cDovL3d3dy53My5vcmcvMjAwMC9zdmciPjwvc3ZnPg==\" style=\"--smush-placeholder-width: 1024px; --smush-placeholder-aspect-ratio: 1024\/768;\" \/><figcaption class=\"wp-element-caption\">SAMSUNG CAMERA PICTURES<\/figcaption><\/figure>\n<\/figure>\n\n\n\n<p>Ya en ruta hacia la regi\u00f3n norte albanesa de Kurkes una ciudad cerca de la frontera albano-kosovar me di cuenta que est\u00e1bamos acerc\u00e1ndonos a otro pa\u00eds el cual no ubicaba en el mapa\u00bb Kosovo\u00bb. La carretera era r\u00e1pida de varios carriles y en buen estado. Pasadas unas horas de viaje llegu\u00e9 a creer que estaba en el culo del mundo. Todo estaba relativamente aislado a mi alrededor. Cuando miraba las casas o alguna ni\u00f1a por el campo recogiendo con su cesto los frutos del bosque me pregunta si ser\u00eda feliz necesitando lo justo para vivir. Apenas nos cruz\u00e1bamos con otros coches y de vez en cuando pasaba uno que otro viejo furg\u00f3n cargado de b\u00e1rtulos en el techo. La cadena monta\u00f1osa nunca desaparec\u00eda. Praderas de vegetaci\u00f3n arb\u00f3rea cubiertas de matorrales de monta\u00f1a. \u00c1rboles de hojas puntiagudas arroyos y un fr\u00edo m\u00e1s notable que comenzaba a notarlo en los huesos. Los campesinos trabajaban la tierra con pala de ganchos rastrillo y pico arando el campo con mulas. Los tejados de las casas estaban desvencijados con las fachadas sin pintar y las ventanas sin cristales. Hasta la hierba hab\u00eda crecido cubriendo a muchas casas haci\u00e9ndose ver la humilde vida de sus habitantes. A medida que avanzaba observaba cierto abandono como si fuera un rinc\u00f3n olvidado del mundo. <\/p>\n\n\n\n<p class=\"has-medium-font-size\"><strong>TERMINAL DE BUS PRISTINA<\/strong><\/p>\n\n\n\n<p>Tres horas despu\u00e9s finalizo el viaje en la terminal de autob\u00fas de la capital de Kosovo\u00bb Pristina\u00bb lo cual no contaba con ello. Entonces me tuve que bajar en tierras Kosovares y viendo que estaba estacionado enfrente un bus que part\u00eda a Macedonia y que mi intenci\u00f3n era llegar en el mismo d\u00eda a su capital \u00abSkopie\u00bb decid\u00ed esperar aquel transbordo sin m\u00e1s. La estaci\u00f3n en s\u00ed era peque\u00f1a, con poca gente y alg\u00fan que otro joven desali\u00f1ado pidiendo limosna. Me sent\u00ed apenado por \u00e9l, lo que me hac\u00eda ver una dif\u00edcil situaci\u00f3n de mucha gente.<\/p>\n\n\n\n<p>Nada podemos hacer para olvidar todo lo que hemos sufrido &#8211; me dijo Behar en tono indolente. Refugiados como yo abandonamos Kosovo huyendo de la guerra y el asedio del ej\u00e9rcito serbio.<\/p>\n\n\n\n<p>-Qu\u00e9 me dices, eso es horrible. Pero, \u00bfhacia d\u00f3nde? Le pregunt\u00e9.<\/p>\n\n\n\n<p>Hacia Albania entramos a pie caminando por las monta\u00f1as aclar\u00f3 Behar rotundamente. En la peque\u00f1a ciudad de Kurkes al noroeste del pa\u00eds nos acogieron como hermanos aun siendo el pa\u00eds m\u00e1s pobre de Europa. Nos abrieron las puertas de sus casas d\u00e1ndonos refugio y comida. Medio mill\u00f3n de albano kosovares fuimos expulsados como limpieza \u00e9tnica por el r\u00e9gimen de Slobodan Milosevic.<\/p>\n\n\n\n<p>Y por el fieltro de lana blanca como una media c\u00e1scara de huevo que llevaban algunas personas puestas en la cabeza, lo que era ya un hecho era que en la regi\u00f3n de los Balcanes conviven abiertamente el cristianismo e islam en lo que hab\u00eda sido territorio del imperio Otomano durante toda la edad moderna. <\/p>\n\n\n\n<p class=\"has-medium-font-size\"><strong>GUERRA EN KOSOVO<\/strong><\/p>\n\n\n\n<p>La historia de las guerras de la antigua Yugoslavia que se sucedieron entre 1991 y 2001 afectando a las seis exrep\u00fablicas yugoslavas me adentraron a explorar aquellos territorios menos conocidos de la Europa del este. Fue en ese mismo camino que hab\u00eda conocido gente de las cuales me hab\u00eda hecho amigo y hab\u00eda visto lugares de los cuales hoy en d\u00eda nada era como lo contaban las noticias. En cierta manera asemejaba todo aquello a la Espa\u00f1a de la que tanto me hablaba mi abuela. Cuando me contaba que bien peque\u00f1a su mama la llevaba a ella y a sus hermanos a las cuevas de las monta\u00f1as para refugiarse de los bombardeos durante la guerra civil que comenz\u00f3 tras aquel golpe de estado del dictador Francisco Franco en 1936 contra el gobierno democr\u00e1tico de la segunda rep\u00fablica.<\/p>\n\n\n\n<p>Me costaba imaginar c\u00f3mo era la situaci\u00f3n en Kosovo sabiendo que era un pa\u00eds lastimado pues hab\u00eda pasado por unos terrenos donde vi grandes casas de buena construcci\u00f3n con su cercado cerrado de muro y propio jard\u00edn.<\/p>\n\n\n\n<p>&nbsp;<\/p>\n","protected":false},"excerpt":{"rendered":"<p>Ya en ruta hacia la regi\u00f3n norte albanesa de Kurkes una ciudad cerca de la frontera albano-kosovar me di cuenta que est\u00e1bamos acerc\u00e1ndonos a otro pa\u00eds el cual no ubicaba en el mapa\u00bb Kosovo\u00bb. La carretera era r\u00e1pida de varios carriles y en buen estado. Pasadas unas horas de viaje llegu\u00e9 a creer que estaba &hellip;<\/p>\n","protected":false},"author":1,"featured_media":14811,"comment_status":"open","ping_status":"closed","sticky":false,"template":"","format":"standard","meta":{"_genesis_hide_title":false,"_genesis_hide_breadcrumbs":false,"_genesis_hide_singular_image":false,"_genesis_hide_footer_widgets":false,"_genesis_custom_body_class":"","_genesis_custom_post_class":"","_genesis_layout":"","footnotes":""},"categories":[18,12],"tags":[105],"class_list":{"0":"post-3705","1":"post","2":"type-post","3":"status-publish","4":"format-standard","5":"has-post-thumbnail","7":"category-europa","8":"category-vuelta-al-mundo","9":"tag-kosovo","10":"entry"},"_links":{"self":[{"href":"https:\/\/carlosmunozgonzalez.com\/litosasturias\/wp-json\/wp\/v2\/posts\/3705","targetHints":{"allow":["GET"]}}],"collection":[{"href":"https:\/\/carlosmunozgonzalez.com\/litosasturias\/wp-json\/wp\/v2\/posts"}],"about":[{"href":"https:\/\/carlosmunozgonzalez.com\/litosasturias\/wp-json\/wp\/v2\/types\/post"}],"author":[{"embeddable":true,"href":"https:\/\/carlosmunozgonzalez.com\/litosasturias\/wp-json\/wp\/v2\/users\/1"}],"replies":[{"embeddable":true,"href":"https:\/\/carlosmunozgonzalez.com\/litosasturias\/wp-json\/wp\/v2\/comments?post=3705"}],"version-history":[{"count":5,"href":"https:\/\/carlosmunozgonzalez.com\/litosasturias\/wp-json\/wp\/v2\/posts\/3705\/revisions"}],"predecessor-version":[{"id":14812,"href":"https:\/\/carlosmunozgonzalez.com\/litosasturias\/wp-json\/wp\/v2\/posts\/3705\/revisions\/14812"}],"wp:featuredmedia":[{"embeddable":true,"href":"https:\/\/carlosmunozgonzalez.com\/litosasturias\/wp-json\/wp\/v2\/media\/14811"}],"wp:attachment":[{"href":"https:\/\/carlosmunozgonzalez.com\/litosasturias\/wp-json\/wp\/v2\/media?parent=3705"}],"wp:term":[{"taxonomy":"category","embeddable":true,"href":"https:\/\/carlosmunozgonzalez.com\/litosasturias\/wp-json\/wp\/v2\/categories?post=3705"},{"taxonomy":"post_tag","embeddable":true,"href":"https:\/\/carlosmunozgonzalez.com\/litosasturias\/wp-json\/wp\/v2\/tags?post=3705"}],"curies":[{"name":"wp","href":"https:\/\/api.w.org\/{rel}","templated":true}]}}