{"id":6744,"date":"2016-12-07T02:57:52","date_gmt":"2016-12-07T01:57:52","guid":{"rendered":"http:\/\/litosasturias.com\/?p=6744"},"modified":"2020-12-04T00:18:26","modified_gmt":"2020-12-03T23:18:26","slug":"la-gran-aventura-del-marco-polo-avilesino","status":"publish","type":"post","link":"https:\/\/carlosmunozgonzalez.com\/litosasturias\/la-gran-aventura-del-marco-polo-avilesino\/","title":{"rendered":"La gran aventura del Marco Polo avilesino"},"content":{"rendered":"\n<p class=\"has-medium-font-size\">Articulo publicado en la Nueva Espa\u00f1a el 7 de diciembre de 2016<\/p>\n\n\n\n<p class=\"has-medium-font-size\">Por Myriam Mancisidor.<\/p>\n\n\n\n<p><a href=\"https:\/\/www.lne.es\/aviles\/2016\/12\/07\/gran-aventura-marco-polo-avilesino-19430056.html\" target=\"_blank\" rel=\"noreferrer noopener\">Enlace al articulo<\/a><\/p>\n\n\n\n<p><strong>Carlos Mu\u00f1oz, \u00abLitos\u00bb, narra su viaje de 2.514 d\u00edas en los que convivi\u00f3 con n\u00f3madas, tribus africanas y hasta con los talibanes en Afganist\u00e1n<\/strong><\/p>\n\n\n\n<figure class=\"wp-block-image size-large\"><img decoding=\"async\" width=\"800\" height=\"450\" data-src=\"https:\/\/carlosmunozgonzalez.com\/litosasturias\/wp-content\/uploads\/2020\/12\/e442915d-e90f-4ffa-bea7-6ab1015c1509_16-9-aspect-ratio_default_0.jpg\" alt=\"\" class=\"wp-image-6740 lazyload\" data-srcset=\"https:\/\/carlosmunozgonzalez.com\/litosasturias\/wp-content\/uploads\/2020\/12\/e442915d-e90f-4ffa-bea7-6ab1015c1509_16-9-aspect-ratio_default_0.jpg 800w, https:\/\/carlosmunozgonzalez.com\/litosasturias\/wp-content\/uploads\/2020\/12\/e442915d-e90f-4ffa-bea7-6ab1015c1509_16-9-aspect-ratio_default_0-300x169.jpg 300w, https:\/\/carlosmunozgonzalez.com\/litosasturias\/wp-content\/uploads\/2020\/12\/e442915d-e90f-4ffa-bea7-6ab1015c1509_16-9-aspect-ratio_default_0-768x432.jpg 768w\" data-sizes=\"(max-width: 800px) 100vw, 800px\" src=\"data:image\/svg+xml;base64,PHN2ZyB3aWR0aD0iMSIgaGVpZ2h0PSIxIiB4bWxucz0iaHR0cDovL3d3dy53My5vcmcvMjAwMC9zdmciPjwvc3ZnPg==\" style=\"--smush-placeholder-width: 800px; --smush-placeholder-aspect-ratio: 800\/450;\" \/><\/figure>\n\n\n\n<p>\u00abLa suerte est\u00e1 en la suela de los zapatos, en lo que camina cada uno\u00bb. Hace esta reflexi\u00f3n Carlos Mu\u00f1oz Gonz\u00e1lez, \u00abLitos\u00bb, un trotamundos avilesino a punto de cumplir 42 a\u00f1os que el pasado s\u00e1bado lleg\u00f3 a su barrio, Versalles, tras dedicar 2.514 d\u00edas a recorrer hasta el \u00faltimo conf\u00edn de la Tierra. Litos no guarda la cuenta de los pa\u00edses que recorri\u00f3 en estos siete a\u00f1os; en unos estuvo semanas, en otros pas\u00f3 de puntillas. \u00abCreo que visit\u00e9 unos ciento diez pa\u00edses o algo m\u00e1s\u00bb, manifiesta. Rusia, Canad\u00e1, Corea del Norte, Centro\u00e1frica o Somalia son algunas de las pocas \u00abasignaturas\u00bb que dej\u00f3 Litos Mu\u00f1oz por el camino por diferentes razones, desde econ\u00f3micas a burocr\u00e1ticas o de seguridad.<\/p>\n\n\n\n<p>A Carlos Mu\u00f1oz, un accidente laboral le llev\u00f3 a replantearse la vida que llevaba. Parti\u00f3 de Avil\u00e9s a\u00fan convaleciente, pero con el sue\u00f1o de recorrer un mundo tan atractivo como desconocido. De Asturias vol\u00f3 hasta Uruguay, donde ten\u00eda amigos de un viaje anterior a ultramar. Con \u00e9l llevaba una mochila con algo de ropa, un neceser, un ordenador port\u00e1til y una c\u00e1mara de fotos. Su tel\u00e9fono m\u00f3vil lo dej\u00f3 en Avil\u00e9s. Llevaba tambi\u00e9n la bandera de Asturias y una imagen de la Santina que, seg\u00fan su madre, Feli Gonz\u00e1lez, tiene previsto donar ahora al Museo de Covadonga. Con \u00e9l iba, asimismo, su inseparable bast\u00f3n, que le ayuda a caminar.PUBLICIDAD<\/p>\n\n\n\n<p>Recorri\u00f3 el continente americano de cabo a rabo siempre por tierra. \u00abNo entr\u00e9 en Canad\u00e1 por cuestiones econ\u00f3micas\u00bb, explica. Estuvo en la Patagonia, el desierto de Atacama, la Gran Sabana&#8230; Tambi\u00e9n naveg\u00f3 durante un mes por el r\u00edo Amazonas y cruz\u00f3 en una lancha de Colombia a Panam\u00e1 por el archipi\u00e9lago de San Blas \u00abque dicen que tiene 365 islas, tantas como d\u00edas del a\u00f1o\u00bb. Su viaje continu\u00f3 entre paisajes de ensue\u00f1o y en Uruguay, a donde regres\u00f3 una vez m\u00e1s, embarc\u00f3 con destino al continente asi\u00e1tico, donde pas\u00f3 tres a\u00f1os. \u00abEn Asia tard\u00e9 unos cinco meses en adaptarme, pero es cierto que cuanto m\u00e1s tiempo est\u00e1s m\u00e1s te enamora\u00bb, precisa. Recorri\u00f3 pr\u00e1cticamente todo el continente, y se encaprich\u00f3 de Filipinas, donde espera volver a m\u00e1s tardar en 2017.<\/p>\n\n\n\n<p>En un par\u00e9ntesis por Asia viaj\u00f3 hasta Ocean\u00eda: Australia le gust\u00f3, Nueva Zelanda le engatus\u00f3. De nuevo en el continente m\u00e1s extenso y poblado de la Tierra, Carlos Mu\u00f1oz dio el salto a India, donde estuvo medio a\u00f1o. \u00abEs un pa\u00eds que puedes odiar y amar al mismo tiempo. Los pa\u00edses m\u00e1s bonitos del mundo puede que est\u00e9n en el Norte de este territorio\u00bb, se\u00f1ala, y se refiere a Nepal como un pa\u00eds \u00abincre\u00edble y diferente\u00bb. Del pa\u00eds m\u00e1s superpoblado pas\u00f3, reconoce, a uno de los s\u00faper ricos: los Emiratos \u00c1rabes. \u00abDubai es como un parque tem\u00e1tico\u00bb, precisa. Ya en Ir\u00e1n cruz\u00f3 en coche la frontera afgana. \u00abViajar como lo hice yo, con una mochila, durmiendo en albergues, en habitaciones con camas compartidas, es duro f\u00edsica y psicol\u00f3gicamente, aunque no me considero un h\u00e9roe\u00bb, manifiesta. Y cuando las cosas se tuercen, apunta, esa fortaleza mental se necesita a\u00fan m\u00e1s. Sabe bien lo que dice.<\/p>\n\n\n\n<p>En Afganist\u00e1n, Litos Mu\u00f1oz se dispuso a atravesar un \u00e1rea controlada por los talibanes, hacia el corredor Wakhan, el pamir afgano, el \u00e1rea de Koseva de fuerte insurgencia talib\u00e1n. Viajaba infiltrado, no pod\u00eda hablar bajo ning\u00fan concepto. \u00abLas fuerzas y comandos de seguridad afganas me descubrieron, me sacaron del coche, me llevaron al cuartel durante varios d\u00edas. Fue entonces cuando el capit\u00e1n de las fuerzas afganas me escribi\u00f3 una carta de protecci\u00f3n y me sacaron del pa\u00eds escoltado. Me dejaron en la frontera de Tayikist\u00e1n\u00bb, explica este hombre que describe a los afganos como \u00abgente maravillosa, pero con miedo a bombas que pueden estallar en cualquier momento\u00bb.<\/p>\n\n\n\n<p>De ese pa\u00eds convulso pol\u00edticamente, Litos Mu\u00f1oz pas\u00f3 a Kirguist\u00e1n, donde comparti\u00f3 la vida de los n\u00f3madas. Lo mismo hab\u00eda hecho meses antes en Mongolia, donde convivi\u00f3 con los \u00faltimos cazadores con \u00e1guila. De Asia, el Marco Polo avilesino cruz\u00f3 a \u00c1frica pasando de Jordania a Egipto en barco. Recorri\u00f3 toda \u00c1frica, el que considera \u00abel continente m\u00e1s caro de los cinco para un mochilero\u00bb. En este caso, Mu\u00f1oz viaj\u00f3 acompa\u00f1ado de otro viajero con el que pudo compartir gastos. \u00abNunca por ser blanco sent\u00ed racismo en \u00c1frica, siempre me trataron como a un igual\u00bb, recalca este hombre que sufri\u00f3 igual que le hab\u00eda pasado en Asia viendo a los ni\u00f1os trabajar sin descanso. Por eso cuando lleg\u00f3 a Europa llor\u00f3 al ver a los cr\u00edos perfectamente ataviados. Europa decepcion\u00f3 a Mu\u00f1oz que, no obstante, guarda buen recuerdo del Este.<\/p>\n\n\n\n<p>\u00abEuropa es muy fr\u00eda en invierno, y hay una obsesi\u00f3n desmedida por el dinero\u00bb, destaca. Por este motivo, de Suiza regres\u00f3 al Caribe para poner punto final a su viaje con unos rayos del sol. Fue a Santo Domingo y tambi\u00e9n a Cuba, donde cogi\u00f3 el avi\u00f3n con destino a La Coru\u00f1a el mismo d\u00eda que muri\u00f3 Fidel Castro.<\/p>\n\n\n\n<p>En su viaje de siete a\u00f1os, Carlos Mu\u00f1oz sufri\u00f3 el llamado mal de altura, insolaci\u00f3n, aprendi\u00f3 a hablar \u00abingl\u00e9s de viaje\u00bb y tambi\u00e9n versos del Cor\u00e1n que le sacaron de alg\u00fan atolladero. Ahora descansa en Avil\u00e9s, pero sabe que volver\u00e1 a partir. Carlos Mu\u00f1oz ha encontrado la felicidad viajando, como Phileas Fogg.<\/p>\n","protected":false},"excerpt":{"rendered":"<p>Articulo publicado en la Nueva Espa\u00f1a el 7 de diciembre de 2016<\/p>\n","protected":false},"author":1,"featured_media":6740,"comment_status":"open","ping_status":"closed","sticky":false,"template":"","format":"standard","meta":{"_genesis_hide_title":false,"_genesis_hide_breadcrumbs":false,"_genesis_hide_singular_image":false,"_genesis_hide_footer_widgets":false,"_genesis_custom_body_class":"","_genesis_custom_post_class":"","_genesis_layout":"","footnotes":""},"categories":[173],"tags":[],"class_list":{"0":"post-6744","1":"post","2":"type-post","3":"status-publish","4":"format-standard","5":"has-post-thumbnail","7":"category-prensa-radio-y-television","8":"entry"},"_links":{"self":[{"href":"https:\/\/carlosmunozgonzalez.com\/litosasturias\/wp-json\/wp\/v2\/posts\/6744","targetHints":{"allow":["GET"]}}],"collection":[{"href":"https:\/\/carlosmunozgonzalez.com\/litosasturias\/wp-json\/wp\/v2\/posts"}],"about":[{"href":"https:\/\/carlosmunozgonzalez.com\/litosasturias\/wp-json\/wp\/v2\/types\/post"}],"author":[{"embeddable":true,"href":"https:\/\/carlosmunozgonzalez.com\/litosasturias\/wp-json\/wp\/v2\/users\/1"}],"replies":[{"embeddable":true,"href":"https:\/\/carlosmunozgonzalez.com\/litosasturias\/wp-json\/wp\/v2\/comments?post=6744"}],"version-history":[{"count":4,"href":"https:\/\/carlosmunozgonzalez.com\/litosasturias\/wp-json\/wp\/v2\/posts\/6744\/revisions"}],"predecessor-version":[{"id":6752,"href":"https:\/\/carlosmunozgonzalez.com\/litosasturias\/wp-json\/wp\/v2\/posts\/6744\/revisions\/6752"}],"wp:featuredmedia":[{"embeddable":true,"href":"https:\/\/carlosmunozgonzalez.com\/litosasturias\/wp-json\/wp\/v2\/media\/6740"}],"wp:attachment":[{"href":"https:\/\/carlosmunozgonzalez.com\/litosasturias\/wp-json\/wp\/v2\/media?parent=6744"}],"wp:term":[{"taxonomy":"category","embeddable":true,"href":"https:\/\/carlosmunozgonzalez.com\/litosasturias\/wp-json\/wp\/v2\/categories?post=6744"},{"taxonomy":"post_tag","embeddable":true,"href":"https:\/\/carlosmunozgonzalez.com\/litosasturias\/wp-json\/wp\/v2\/tags?post=6744"}],"curies":[{"name":"wp","href":"https:\/\/api.w.org\/{rel}","templated":true}]}}