{"id":6871,"date":"2017-12-06T18:20:49","date_gmt":"2017-12-06T17:20:49","guid":{"rendered":"http:\/\/litosasturias.com\/?p=6871"},"modified":"2025-07-23T00:58:03","modified_gmt":"2025-07-22T22:58:03","slug":"ciudad-del-vaticano","status":"publish","type":"post","link":"https:\/\/carlosmunozgonzalez.com\/litosasturias\/ciudad-del-vaticano\/","title":{"rendered":"Ciudad del Vaticano"},"content":{"rendered":"\n<figure class=\"wp-block-gallery has-nested-images columns-default is-cropped wp-block-gallery-1 is-layout-flex wp-block-gallery-is-layout-flex\">\n<figure class=\"wp-block-image size-large\"><img decoding=\"async\" width=\"1024\" height=\"768\" data-id=\"14778\" data-src=\"https:\/\/carlosmunozgonzalez.com\/litosasturias\/wp-content\/uploads\/2025\/07\/SAM_2758-1024x768.jpg\" alt=\"\" class=\"wp-image-14778 lazyload\" data-srcset=\"https:\/\/carlosmunozgonzalez.com\/litosasturias\/wp-content\/uploads\/2025\/07\/SAM_2758-1024x768.jpg 1024w, https:\/\/carlosmunozgonzalez.com\/litosasturias\/wp-content\/uploads\/2025\/07\/SAM_2758-300x225.jpg 300w, https:\/\/carlosmunozgonzalez.com\/litosasturias\/wp-content\/uploads\/2025\/07\/SAM_2758-768x576.jpg 768w, https:\/\/carlosmunozgonzalez.com\/litosasturias\/wp-content\/uploads\/2025\/07\/SAM_2758-scaled.jpg 800w, https:\/\/carlosmunozgonzalez.com\/litosasturias\/wp-content\/uploads\/2025\/07\/SAM_2758-550x413.jpg 550w, https:\/\/carlosmunozgonzalez.com\/litosasturias\/wp-content\/uploads\/2025\/07\/SAM_2758-350x263.jpg 350w, https:\/\/carlosmunozgonzalez.com\/litosasturias\/wp-content\/uploads\/2025\/07\/SAM_2758-260x195.jpg 260w\" data-sizes=\"(max-width: 1024px) 100vw, 1024px\" src=\"data:image\/svg+xml;base64,PHN2ZyB3aWR0aD0iMSIgaGVpZ2h0PSIxIiB4bWxucz0iaHR0cDovL3d3dy53My5vcmcvMjAwMC9zdmciPjwvc3ZnPg==\" style=\"--smush-placeholder-width: 1024px; --smush-placeholder-aspect-ratio: 1024\/768;\" \/><figcaption class=\"wp-element-caption\">SAMSUNG CAMERA PICTURES<\/figcaption><\/figure>\n<\/figure>\n\n\n\n<p>Iba yo caminando por los pasillos de los Museos del Vaticano observando en sus b\u00f3vedas las Estancias de Rafael y &nbsp;los fresnos de Miguel \u00c1ngel en la Capilla Sixtina. Lo que son una estancia individualizada de naturaleza divina llamados genios seg\u00fan la mitolog\u00eda Romana.<\/p>\n\n\n\n<p>A la salida me detuve en una de las tiendas souvenirs me acorde de mi madre, ella me pidi\u00f3 un rosario. Sab\u00eda que el nuevo Papa era argentino pero no recordaba su nombre. Hab\u00eda una a amplia gama de rosarios con todos sus papas y \u00e9pocas, se\u00f1al\u00e9 a uno preguntando si aquel era el papa actual. Cuando me confirmaron que en efecto era \u00e9l \u00bb Don Francisco\u00bb compre uno para mi madre y otro para mi abuela. Acto seguido los guarde en el bolso y contin\u00fae el recorrido por los pasillos interiores hacia la Bas\u00edlica de San Pedro. Cuando entre por la puerta y vi la magnitud de sus dimensiones me quede petrificado, demostraba poder, ostentosidad. Adentro en su interior pod\u00eda maniobrar hasta un cami\u00f3n con remolque. A la salida de la misma me encontr\u00e9 a sus pies la Plaza de San Pedro. Desde afuera a cielo abierto la c\u00fapula de la iglesia realzaba esplendorosa sobre el cielo de Roma. All\u00ed hab\u00eda terminado mi Tour en la eterna ciudad sagrada del catolicismo.<\/p>\n\n\n\n<figure class=\"wp-block-gallery has-nested-images columns-default is-cropped wp-block-gallery-2 is-layout-flex wp-block-gallery-is-layout-flex\">\n<figure class=\"wp-block-image size-large\"><img decoding=\"async\" width=\"1024\" height=\"768\" data-id=\"14779\" data-src=\"https:\/\/carlosmunozgonzalez.com\/litosasturias\/wp-content\/uploads\/2025\/07\/SAM_2757-1024x768.jpg\" alt=\"\" class=\"wp-image-14779 lazyload\" data-srcset=\"https:\/\/carlosmunozgonzalez.com\/litosasturias\/wp-content\/uploads\/2025\/07\/SAM_2757-1024x768.jpg 1024w, https:\/\/carlosmunozgonzalez.com\/litosasturias\/wp-content\/uploads\/2025\/07\/SAM_2757-300x225.jpg 300w, https:\/\/carlosmunozgonzalez.com\/litosasturias\/wp-content\/uploads\/2025\/07\/SAM_2757-768x576.jpg 768w, https:\/\/carlosmunozgonzalez.com\/litosasturias\/wp-content\/uploads\/2025\/07\/SAM_2757-scaled.jpg 800w, https:\/\/carlosmunozgonzalez.com\/litosasturias\/wp-content\/uploads\/2025\/07\/SAM_2757-550x413.jpg 550w, https:\/\/carlosmunozgonzalez.com\/litosasturias\/wp-content\/uploads\/2025\/07\/SAM_2757-350x263.jpg 350w, https:\/\/carlosmunozgonzalez.com\/litosasturias\/wp-content\/uploads\/2025\/07\/SAM_2757-260x195.jpg 260w\" data-sizes=\"(max-width: 1024px) 100vw, 1024px\" src=\"data:image\/svg+xml;base64,PHN2ZyB3aWR0aD0iMSIgaGVpZ2h0PSIxIiB4bWxucz0iaHR0cDovL3d3dy53My5vcmcvMjAwMC9zdmciPjwvc3ZnPg==\" style=\"--smush-placeholder-width: 1024px; --smush-placeholder-aspect-ratio: 1024\/768;\" \/><figcaption class=\"wp-element-caption\">SAMSUNG CAMERA PICTURES<\/figcaption><\/figure>\n<\/figure>\n\n\n\n\n","protected":false},"excerpt":{"rendered":"<p>Iba yo caminando por los pasillos de los Museos del Vaticano observando en sus b\u00f3vedas las Estancias de Rafael y &nbsp;los fresnos de Miguel \u00c1ngel en la Capilla Sixtina. Lo que son una estancia individualizada de naturaleza divina llamados genios seg\u00fan la mitolog\u00eda Romana. A la salida me detuve en una de las tiendas souvenirs &hellip;<\/p>\n","protected":false},"author":1,"featured_media":14778,"comment_status":"open","ping_status":"closed","sticky":false,"template":"","format":"standard","meta":{"_genesis_hide_title":false,"_genesis_hide_breadcrumbs":false,"_genesis_hide_singular_image":false,"_genesis_hide_footer_widgets":false,"_genesis_custom_body_class":"","_genesis_custom_post_class":"","_genesis_layout":"","footnotes":""},"categories":[18,12],"tags":[126],"class_list":{"0":"post-6871","1":"post","2":"type-post","3":"status-publish","4":"format-standard","5":"has-post-thumbnail","7":"category-europa","8":"category-vuelta-al-mundo","9":"tag-ciudad-del-vaticano","10":"entry"},"_links":{"self":[{"href":"https:\/\/carlosmunozgonzalez.com\/litosasturias\/wp-json\/wp\/v2\/posts\/6871","targetHints":{"allow":["GET"]}}],"collection":[{"href":"https:\/\/carlosmunozgonzalez.com\/litosasturias\/wp-json\/wp\/v2\/posts"}],"about":[{"href":"https:\/\/carlosmunozgonzalez.com\/litosasturias\/wp-json\/wp\/v2\/types\/post"}],"author":[{"embeddable":true,"href":"https:\/\/carlosmunozgonzalez.com\/litosasturias\/wp-json\/wp\/v2\/users\/1"}],"replies":[{"embeddable":true,"href":"https:\/\/carlosmunozgonzalez.com\/litosasturias\/wp-json\/wp\/v2\/comments?post=6871"}],"version-history":[{"count":4,"href":"https:\/\/carlosmunozgonzalez.com\/litosasturias\/wp-json\/wp\/v2\/posts\/6871\/revisions"}],"predecessor-version":[{"id":14781,"href":"https:\/\/carlosmunozgonzalez.com\/litosasturias\/wp-json\/wp\/v2\/posts\/6871\/revisions\/14781"}],"wp:featuredmedia":[{"embeddable":true,"href":"https:\/\/carlosmunozgonzalez.com\/litosasturias\/wp-json\/wp\/v2\/media\/14778"}],"wp:attachment":[{"href":"https:\/\/carlosmunozgonzalez.com\/litosasturias\/wp-json\/wp\/v2\/media?parent=6871"}],"wp:term":[{"taxonomy":"category","embeddable":true,"href":"https:\/\/carlosmunozgonzalez.com\/litosasturias\/wp-json\/wp\/v2\/categories?post=6871"},{"taxonomy":"post_tag","embeddable":true,"href":"https:\/\/carlosmunozgonzalez.com\/litosasturias\/wp-json\/wp\/v2\/tags?post=6871"}],"curies":[{"name":"wp","href":"https:\/\/api.w.org\/{rel}","templated":true}]}}